{"@context":"https:\/\/schema.org\/","@type":"CollectionPage","@id":"https:\/\/www.jenta.cz\/vzdelani\/#CollectionPage","headline":"Vzd\u011bl\u00e1n\u00ed Category","description":"","url":"https:\/\/www.jenta.cz\/vzdelani\/","hasPart":[{"@type":"Article","@id":"https:\/\/www.jenta.cz\/cesta-k-osobni-transformaci-a-poznani-mysli\/","headline":"Cesta k osobn\u00ed transformaci a pozn\u00e1n\u00ed mysli","url":"https:\/\/www.jenta.cz\/cesta-k-osobni-transformaci-a-poznani-mysli\/","datePublished":"2023-08-16","dateModified":"2023-08-17","mainEntityOfPage":"https:\/\/www.jenta.cz\/cesta-k-osobni-transformaci-a-poznani-mysli\/","author":{"@type":"Person","@id":"https:\/\/www.jenta.cz\/author\/#Person","name":"","url":"https:\/\/www.jenta.cz\/author\/","identifier":1,"image":{"@type":"ImageObject","@id":"https:\/\/secure.gravatar.com\/avatar\/0dc285cbe86eecc8073f119fcb2e2c7032b51533f5bb47611c7d4a598558b8b7?s=96&d=mm&r=g","url":"https:\/\/secure.gravatar.com\/avatar\/0dc285cbe86eecc8073f119fcb2e2c7032b51533f5bb47611c7d4a598558b8b7?s=96&d=mm&r=g","height":96,"width":96}},"publisher":{"@type":"Organization","name":"jenta.cz","logo":{"@type":"ImageObject","@id":"\/logo.png","url":"\/logo.png","width":600,"height":60}},"image":{"@type":"ImageObject","@id":"https:\/\/www.jenta.cz\/wp-content\/uploads\/NLP_Oil09D.jpg","url":"https:\/\/www.jenta.cz\/wp-content\/uploads\/NLP_Oil09D.jpg","height":0,"width":0},"keywords":null},{"@type":"Article","@id":"https:\/\/www.jenta.cz\/bojujte-proti-zvetsene-prostate-uz-prevenci-v-mladsim-veku\/","headline":"Bojujte proti zv\u011bt\u0161en\u00e9 prostat\u011b u\u017e prevenc\u00ed v mlad\u0161\u00edm v\u011bku","url":"https:\/\/www.jenta.cz\/bojujte-proti-zvetsene-prostate-uz-prevenci-v-mladsim-veku\/","datePublished":"2023-06-02","dateModified":"2023-06-02","mainEntityOfPage":"https:\/\/www.jenta.cz\/bojujte-proti-zvetsene-prostate-uz-prevenci-v-mladsim-veku\/","author":{"@type":"Person","@id":"https:\/\/www.jenta.cz\/author\/#Person","name":"","url":"https:\/\/www.jenta.cz\/author\/","identifier":1,"image":{"@type":"ImageObject","@id":"https:\/\/secure.gravatar.com\/avatar\/0dc285cbe86eecc8073f119fcb2e2c7032b51533f5bb47611c7d4a598558b8b7?s=96&d=mm&r=g","url":"https:\/\/secure.gravatar.com\/avatar\/0dc285cbe86eecc8073f119fcb2e2c7032b51533f5bb47611c7d4a598558b8b7?s=96&d=mm&r=g","height":96,"width":96}},"publisher":{"@type":"Organization","name":"jenta.cz","logo":{"@type":"ImageObject","@id":"\/logo.png","url":"\/logo.png","width":600,"height":60}},"image":{"@type":"ImageObject","@id":"https:\/\/www.jenta.cz\/wp-content\/uploads\/img_a303937_w1744_t1514726927.jpg","url":"https:\/\/www.jenta.cz\/wp-content\/uploads\/img_a303937_w1744_t1514726927.jpg","height":0,"width":0},"keywords":null},{"@type":"Article","@id":"https:\/\/www.jenta.cz\/je-omezujici-umet-jen-jediny-jazyk\/","headline":"Je omezuj\u00edc\u00ed um\u011bt jen jedin\u00fd jazyk?","url":"https:\/\/www.jenta.cz\/je-omezujici-umet-jen-jediny-jazyk\/","datePublished":"2020-03-03","dateModified":"2023-06-02","mainEntityOfPage":"https:\/\/www.jenta.cz\/je-omezujici-umet-jen-jediny-jazyk\/","author":{"@type":"Person","@id":"https:\/\/www.jenta.cz\/author\/#Person","name":"","url":"https:\/\/www.jenta.cz\/author\/","identifier":1,"image":{"@type":"ImageObject","@id":"https:\/\/secure.gravatar.com\/avatar\/0dc285cbe86eecc8073f119fcb2e2c7032b51533f5bb47611c7d4a598558b8b7?s=96&d=mm&r=g","url":"https:\/\/secure.gravatar.com\/avatar\/0dc285cbe86eecc8073f119fcb2e2c7032b51533f5bb47611c7d4a598558b8b7?s=96&d=mm&r=g","height":96,"width":96}},"publisher":{"@type":"Organization","name":"jenta.cz","logo":{"@type":"ImageObject","@id":"\/logo.png","url":"\/logo.png","width":600,"height":60}},"image":{"@type":"ImageObject","@id":"https:\/\/www.jenta.cz\/wp-content\/uploads\/img_a373270_w3404_t1584690821.jpg","url":"https:\/\/www.jenta.cz\/wp-content\/uploads\/img_a373270_w3404_t1584690821.jpg","height":0,"width":0},"keywords":null},{"@type":"Article","@id":"https:\/\/www.jenta.cz\/uklidnete-se-ve-tme\/","headline":"Uklidn\u011bte se ve tm\u011b!","url":"https:\/\/www.jenta.cz\/uklidnete-se-ve-tme\/","datePublished":"2019-08-27","dateModified":"2023-06-02","mainEntityOfPage":"https:\/\/www.jenta.cz\/uklidnete-se-ve-tme\/","author":{"@type":"Person","@id":"https:\/\/www.jenta.cz\/author\/#Person","name":"","url":"https:\/\/www.jenta.cz\/author\/","identifier":1,"image":{"@type":"ImageObject","@id":"https:\/\/secure.gravatar.com\/avatar\/0dc285cbe86eecc8073f119fcb2e2c7032b51533f5bb47611c7d4a598558b8b7?s=96&d=mm&r=g","url":"https:\/\/secure.gravatar.com\/avatar\/0dc285cbe86eecc8073f119fcb2e2c7032b51533f5bb47611c7d4a598558b8b7?s=96&d=mm&r=g","height":96,"width":96}},"publisher":{"@type":"Organization","name":"jenta.cz","logo":{"@type":"ImageObject","@id":"\/logo.png","url":"\/logo.png","width":600,"height":60}},"image":{"@type":"ImageObject","@id":"https:\/\/www.jenta.cz\/wp-content\/uploads\/img_a358446_w1711_t1572798999.jpg","url":"https:\/\/www.jenta.cz\/wp-content\/uploads\/img_a358446_w1711_t1572798999.jpg","height":0,"width":0},"keywords":null}]}