[{"@context":"https:\/\/schema.org\/","@type":"Article","@id":"https:\/\/www.jenta.cz\/vedeni-ucetnictvi\/#Article","mainEntityOfPage":"https:\/\/www.jenta.cz\/vedeni-ucetnictvi\/","headline":"Veden\u00ed \u00fa\u010detnictv\u00ed","name":"Veden\u00ed \u00fa\u010detnictv\u00ed","description":"Nechejte se h\u00fd\u010dkat kompletn\u00edm a profesion\u00e1ln\u00edm zaji\u0161t\u011bn\u00edm slu\u017eeb v oblasti veden\u00ed \u00fa\u010detnictv\u00ed. Individu\u00e1ln\u00ed p\u0159\u00edstup ke ka\u017ed\u00e9mu klientovi zaru\u010d\u00ed \u00fa\u010detn\u00ed a da\u0148ov\u00e1 firma s n\u011bkolikaletou prax\u00ed v oblasti spr\u00e1vy \u00fa\u010detnictv\u00ed a dan\u00ed. P\u0159enechejte starost o veden\u00ed \u00fa\u010detnictv\u00ed specialist\u016fm a naplno se v\u011bnujte \u0159\u00edzen\u00ed a rozvoji firmy. My za V\u00e1s p\u0159iprav\u00edme mzdy, p\u0159ihl\u00e1\u0161ky a odhl\u00e1\u0161ky zam\u011bstnanc\u016f, pracovn\u00ed...","datePublished":"2025-01-11","dateModified":"2025-01-11","author":{"@type":"Person","@id":"https:\/\/www.jenta.cz\/author\/#Person","name":"","url":"https:\/\/www.jenta.cz\/author\/","identifier":1,"image":{"@type":"ImageObject","@id":"https:\/\/secure.gravatar.com\/avatar\/0dc285cbe86eecc8073f119fcb2e2c7032b51533f5bb47611c7d4a598558b8b7?s=96&d=mm&r=g","url":"https:\/\/secure.gravatar.com\/avatar\/0dc285cbe86eecc8073f119fcb2e2c7032b51533f5bb47611c7d4a598558b8b7?s=96&d=mm&r=g","height":96,"width":96}},"publisher":{"@type":"Organization","name":"jenta.cz","logo":{"@type":"ImageObject","@id":"\/logo.png","url":"\/logo.png","width":600,"height":60}},"url":"https:\/\/www.jenta.cz\/vedeni-ucetnictvi\/","wordCount":178,"articleBody":"Nechejte se h\u00fd\u010dkat kompletn\u00edm a profesion\u00e1ln\u00edm zaji\u0161t\u011bn\u00edm slu\u017eeb v oblasti veden\u00ed \u00fa\u010detnictv\u00ed. Individu\u00e1ln\u00ed p\u0159\u00edstup ke ka\u017ed\u00e9mu klientovi zaru\u010d\u00ed \u00fa\u010detn\u00ed a da\u0148ov\u00e1 firma s n\u011bkolikaletou prax\u00ed v oblasti spr\u00e1vy \u00fa\u010detnictv\u00ed a dan\u00ed.P\u0159enechejte starost o veden\u00ed \u00fa\u010detnictv\u00ed specialist\u016fm a naplno se v\u011bnujte \u0159\u00edzen\u00ed a rozvoji firmy. My za V\u00e1s p\u0159iprav\u00edme mzdy, p\u0159ihl\u00e1\u0161ky a odhl\u00e1\u0161ky zam\u011bstnanc\u016f, pracovn\u00ed smlouvy, evidenci d\u016fchodov\u00e9ho poji\u0161t\u011bn\u00ed. Samoz\u0159ejmost\u00ed je zpracov\u00e1n\u00ed DPH a dan\u011b z p\u0159\u00edjmu pr\u00e1vnick\u00fdch i fyzick\u00fdch osob a mnoho dal\u0161\u00edch. Rozhodn\u011bte se pro kvalifikovan\u00e9 zpracov\u00e1n\u00ed a p\u0159esv\u011bd\u010dte se sami o na\u0161ich kvalitn\u00edch slu\u017eb\u00e1ch.AdministrativaVeden\u00ed \u00fa\u010detnictv\u00ed nen\u00ed jedin\u00e1 slu\u017eba, kterou jsme schopni V\u00e1m dodat. Nechejte si v\u00e9zt tak\u00e9 ve\u0161kerou administrativu a u\u0161et\u0159ete je\u0161t\u011b v\u00edce \u010dasu. Zajist\u00edme pro V\u00e1s ve\u0161kerou fakturaci, vy\u0159\u00edd\u00edme komunikaci s \u00fa\u0159ady.                                                                                                                                                                                                                                                                                                                                                                                        3.3\/5 - (3 votes)        "},{"@context":"https:\/\/schema.org\/","@type":"BreadcrumbList","itemListElement":[{"@type":"ListItem","position":1,"name":"Veden\u00ed \u00fa\u010detnictv\u00ed","item":"https:\/\/www.jenta.cz\/vedeni-ucetnictvi\/#breadcrumbitem"}]}]