[{"@context":"https:\/\/schema.org\/","@type":"Article","@id":"https:\/\/www.jenta.cz\/promenime-vas-svatebni-den-v-den-neuveritelnych-zazitku\/#Article","mainEntityOfPage":"https:\/\/www.jenta.cz\/promenime-vas-svatebni-den-v-den-neuveritelnych-zazitku\/","headline":"Prom\u011bn\u00edme v\u00e1\u0161 svatebn\u00ed den v den neuv\u011b\u0159iteln\u00fdch z\u00e1\u017eitk\u016f","name":"Prom\u011bn\u00edme v\u00e1\u0161 svatebn\u00ed den v den neuv\u011b\u0159iteln\u00fdch z\u00e1\u017eitk\u016f","description":"Kone\u010dn\u011b jste se partnerem odhodlali k onomu v\u00fdznamn\u00e9mu kroku a rozhodli spojit sv\u00e9 \u017eivoty svatbou? Netrouf\u00e1te si na v\u0161echny z\u00e1le\u017eitosti se svatbou spojen\u00e9? V\u00e1h\u00e1te, kter\u00e9 m\u00edsto pro va\u0161i svatbu vybrat? R\u00e1di v\u00e1m pom\u016f\u017eeme se v\u0161\u00edm, co se svatbou souvis\u00ed a co k n\u00ed neodmysliteln\u011b pat\u0159\u00ed. Obzvl\u00e1\u0161\u0165 pokud se rozhodnete, \u017ee bude va\u0161e svatba v Praze,...","datePublished":"2024-03-27","dateModified":"2024-03-27","author":{"@type":"Person","@id":"https:\/\/www.jenta.cz\/author\/#Person","name":"","url":"https:\/\/www.jenta.cz\/author\/","identifier":1,"image":{"@type":"ImageObject","@id":"https:\/\/secure.gravatar.com\/avatar\/0dc285cbe86eecc8073f119fcb2e2c7032b51533f5bb47611c7d4a598558b8b7?s=96&d=mm&r=g","url":"https:\/\/secure.gravatar.com\/avatar\/0dc285cbe86eecc8073f119fcb2e2c7032b51533f5bb47611c7d4a598558b8b7?s=96&d=mm&r=g","height":96,"width":96}},"publisher":{"@type":"Organization","name":"jenta.cz","logo":{"@type":"ImageObject","@id":"\/logo.png","url":"\/logo.png","width":600,"height":60}},"url":"https:\/\/www.jenta.cz\/promenime-vas-svatebni-den-v-den-neuveritelnych-zazitku\/","wordCount":221,"articleBody":"\tKone\u010dn\u011b jste se partnerem odhodlali k onomu v\u00fdznamn\u00e9mu kroku a rozhodli spojit sv\u00e9 \u017eivoty svatbou? Netrouf\u00e1te si na v\u0161echny z\u00e1le\u017eitosti se svatbou spojen\u00e9? V\u00e1h\u00e1te, kter\u00e9 m\u00edsto pro va\u0161i svatbu vybrat? R\u00e1di v\u00e1m pom\u016f\u017eeme se v\u0161\u00edm, co se svatbou souvis\u00ed a co k n\u00ed neodmysliteln\u011b pat\u0159\u00ed. Obzvl\u00e1\u0161\u0165 pokud se rozhodnete, \u017ee bude va\u0161e svatba v Praze, m\u016f\u017eeme v\u00e1m garantovat, \u017ee v\u00e1\u0161 kompletn\u00ed svatebn\u00ed den se prom\u011bn\u00ed v dokonal\u00fd a nezapomenuteln\u00fd z\u00e1\u017eitek, kter\u00fd pro v\u00e1s p\u0159iprav\u00edme s maxim\u00e1ln\u00ed oddanost\u00ed a profesionalitou.\tVa\u0161i svatbu napl\u00e1nujeme do t\u011bch nejmen\u0161\u00edch detail\u016f\tGarantujeme v\u00e1m, \u017ee \u00fa\u017easn\u00e9, intimn\u00ed a romantick\u00e9 prost\u0159ed\u00ed v nejkr\u00e1sn\u011bj\u0161\u00edch a nejzachovalej\u0161\u00edch pal\u00e1cov\u00fdch zahrad\u00e1ch, to je ta prav\u00e1 svatba v Praze. Vy u\u017e se o nic dal\u0161\u00edho nemus\u00edte starat. Na\u0161e slu\u017eby jsou opravdu kompletn\u00ed a pod\u0159\u00edd\u00edme se va\u0161im individu\u00e1ln\u00edm po\u017eadavk\u016fm tak, aby svatba v Praze spl\u0148ovala v\u0161echna va\u0161e o\u010dek\u00e1v\u00e1n\u00ed a abyste v tento v\u00fdznamn\u00fd den m\u011bli v\u0161e dokonal\u00e9, slad\u011bn\u00e9 a vypilovan\u00e9 do t\u011bch nejdrobn\u011bj\u0161\u00edch detail\u016f. Na to se m\u016f\u017eete stoprocentn\u011b spolehnout.                                                                                                                                                                                                                                                                                                                                                                                         4.2\/5 - (6 votes)        "},{"@context":"https:\/\/schema.org\/","@type":"BreadcrumbList","itemListElement":[{"@type":"ListItem","position":1,"name":"Prom\u011bn\u00edme v\u00e1\u0161 svatebn\u00ed den v den neuv\u011b\u0159iteln\u00fdch z\u00e1\u017eitk\u016f","item":"https:\/\/www.jenta.cz\/promenime-vas-svatebni-den-v-den-neuveritelnych-zazitku\/#breadcrumbitem"}]}]