[{"@context":"https:\/\/schema.org\/","@type":"Blog","@id":"https:\/\/www.jenta.cz#Blog","headline":"Jenta","description":"\nP\u0159i vyu\u017e\u00edv\u00e1n\u00ed slu\u017eeb na\u0161eho webu si nemus\u00edte po\u0159izovat tretry. Tady v\u00e1s zaru\u010den\u011b nepodvedeme a vy se tak nebudete muset pozd\u011b honit za n\u011bjak\u00fdm bychem.","url":"https:\/\/www.jenta.cz","hasPart":[{"@type":"Article","@id":"https:\/\/www.jenta.cz\/zpozdeni-letadla-se-vam-muze-vyplatit\/","headline":"Zpo\u017ed\u011bn\u00ed letadla se v\u00e1m m\u016f\u017ee vyplatit","url":"https:\/\/www.jenta.cz\/zpozdeni-letadla-se-vam-muze-vyplatit\/","datePublished":"2019-06-25","dateModified":"2023-06-02","mainEntityOfPage":"https:\/\/www.jenta.cz\/zpozdeni-letadla-se-vam-muze-vyplatit\/","author":{"@type":"Person","@id":"https:\/\/www.jenta.cz\/author\/#Person","name":"","url":"https:\/\/www.jenta.cz\/author\/","identifier":1,"image":{"@type":"ImageObject","@id":"https:\/\/secure.gravatar.com\/avatar\/0dc285cbe86eecc8073f119fcb2e2c7032b51533f5bb47611c7d4a598558b8b7?s=96&d=mm&r=g","url":"https:\/\/secure.gravatar.com\/avatar\/0dc285cbe86eecc8073f119fcb2e2c7032b51533f5bb47611c7d4a598558b8b7?s=96&d=mm&r=g","height":96,"width":96}},"publisher":{"@type":"Organization","name":"jenta.cz","logo":{"@type":"ImageObject","@id":"\/logo.png","url":"\/logo.png","width":600,"height":60}},"image":{"@type":"ImageObject","@id":"https:\/\/www.jenta.cz\/wp-content\/uploads\/img_a360460_w1773_t1574158814.jpg","url":"https:\/\/www.jenta.cz\/wp-content\/uploads\/img_a360460_w1773_t1574158814.jpg","height":0,"width":0},"wordCount":484,"keywords":null},{"@type":"Article","@id":"https:\/\/www.jenta.cz\/co-vse-nedelat-v-aute-za-jizdy\/","headline":"Co v\u0161e (ne)d\u011blat v aut\u011b za j\u00edzdy","url":"https:\/\/www.jenta.cz\/co-vse-nedelat-v-aute-za-jizdy\/","datePublished":"2019-06-12","dateModified":"2023-06-02","mainEntityOfPage":"https:\/\/www.jenta.cz\/co-vse-nedelat-v-aute-za-jizdy\/","author":{"@type":"Person","@id":"https:\/\/www.jenta.cz\/author\/#Person","name":"","url":"https:\/\/www.jenta.cz\/author\/","identifier":1,"image":{"@type":"ImageObject","@id":"https:\/\/secure.gravatar.com\/avatar\/0dc285cbe86eecc8073f119fcb2e2c7032b51533f5bb47611c7d4a598558b8b7?s=96&d=mm&r=g","url":"https:\/\/secure.gravatar.com\/avatar\/0dc285cbe86eecc8073f119fcb2e2c7032b51533f5bb47611c7d4a598558b8b7?s=96&d=mm&r=g","height":96,"width":96}},"publisher":{"@type":"Organization","name":"jenta.cz","logo":{"@type":"ImageObject","@id":"\/logo.png","url":"\/logo.png","width":600,"height":60}},"image":{"@type":"ImageObject","@id":"https:\/\/www.jenta.cz\/wp-content\/uploads\/img_a348990_w2926_t1563717798.jpg","url":"https:\/\/www.jenta.cz\/wp-content\/uploads\/img_a348990_w2926_t1563717798.jpg","height":0,"width":0},"wordCount":4400,"keywords":null},{"@type":"Article","@id":"https:\/\/www.jenta.cz\/zatocte-s-kocovinou\/","headline":"Zato\u010dte s kocovinou","url":"https:\/\/www.jenta.cz\/zatocte-s-kocovinou\/","datePublished":"2019-06-01","dateModified":"2023-06-02","mainEntityOfPage":"https:\/\/www.jenta.cz\/zatocte-s-kocovinou\/","author":{"@type":"Person","@id":"https:\/\/www.jenta.cz\/author\/#Person","name":"","url":"https:\/\/www.jenta.cz\/author\/","identifier":1,"image":{"@type":"ImageObject","@id":"https:\/\/secure.gravatar.com\/avatar\/0dc285cbe86eecc8073f119fcb2e2c7032b51533f5bb47611c7d4a598558b8b7?s=96&d=mm&r=g","url":"https:\/\/secure.gravatar.com\/avatar\/0dc285cbe86eecc8073f119fcb2e2c7032b51533f5bb47611c7d4a598558b8b7?s=96&d=mm&r=g","height":96,"width":96}},"publisher":{"@type":"Organization","name":"jenta.cz","logo":{"@type":"ImageObject","@id":"\/logo.png","url":"\/logo.png","width":600,"height":60}},"image":{"@type":"ImageObject","@id":"https:\/\/www.jenta.cz\/wp-content\/uploads\/img_a346023_w1723_t1560014059.jpg","url":"https:\/\/www.jenta.cz\/wp-content\/uploads\/img_a346023_w1723_t1560014059.jpg","height":0,"width":0},"wordCount":465,"keywords":null},{"@type":"Article","@id":"https:\/\/www.jenta.cz\/nebudte-zavisli-na-mobilnim-telefonu\/","headline":"Nebu\u010fte z\u00e1visl\u00ed na mobiln\u00edm telefonu","url":"https:\/\/www.jenta.cz\/nebudte-zavisli-na-mobilnim-telefonu\/","datePublished":"2019-02-21","dateModified":"2023-06-02","mainEntityOfPage":"https:\/\/www.jenta.cz\/nebudte-zavisli-na-mobilnim-telefonu\/","author":{"@type":"Person","@id":"https:\/\/www.jenta.cz\/author\/#Person","name":"","url":"https:\/\/www.jenta.cz\/author\/","identifier":1,"image":{"@type":"ImageObject","@id":"https:\/\/secure.gravatar.com\/avatar\/0dc285cbe86eecc8073f119fcb2e2c7032b51533f5bb47611c7d4a598558b8b7?s=96&d=mm&r=g","url":"https:\/\/secure.gravatar.com\/avatar\/0dc285cbe86eecc8073f119fcb2e2c7032b51533f5bb47611c7d4a598558b8b7?s=96&d=mm&r=g","height":96,"width":96}},"publisher":{"@type":"Organization","name":"jenta.cz","logo":{"@type":"ImageObject","@id":"\/logo.png","url":"\/logo.png","width":600,"height":60}},"image":{"@type":"ImageObject","@id":"https:\/\/www.jenta.cz\/wp-content\/uploads\/img_a337523_w1773_t1550597840.jpg","url":"https:\/\/www.jenta.cz\/wp-content\/uploads\/img_a337523_w1773_t1550597840.jpg","height":0,"width":0},"wordCount":525,"keywords":null},{"@type":"Article","@id":"https:\/\/www.jenta.cz\/zasady-pro-chov-zakrsleho-kralika-v-kleci\/","headline":"Z\u00e1sady pro chov zakrsl\u00e9ho kr\u00e1l\u00edka v kleci","url":"https:\/\/www.jenta.cz\/zasady-pro-chov-zakrsleho-kralika-v-kleci\/","datePublished":"2019-02-20","dateModified":"2023-06-02","mainEntityOfPage":"https:\/\/www.jenta.cz\/zasady-pro-chov-zakrsleho-kralika-v-kleci\/","author":{"@type":"Person","@id":"https:\/\/www.jenta.cz\/author\/#Person","name":"","url":"https:\/\/www.jenta.cz\/author\/","identifier":1,"image":{"@type":"ImageObject","@id":"https:\/\/secure.gravatar.com\/avatar\/0dc285cbe86eecc8073f119fcb2e2c7032b51533f5bb47611c7d4a598558b8b7?s=96&d=mm&r=g","url":"https:\/\/secure.gravatar.com\/avatar\/0dc285cbe86eecc8073f119fcb2e2c7032b51533f5bb47611c7d4a598558b8b7?s=96&d=mm&r=g","height":96,"width":96}},"publisher":{"@type":"Organization","name":"jenta.cz","logo":{"@type":"ImageObject","@id":"\/logo.png","url":"\/logo.png","width":600,"height":60}},"image":{"@type":"ImageObject","@id":"https:\/\/www.jenta.cz\/wp-content\/uploads\/img_a339262_w1710_t1552473851.jpg","url":"https:\/\/www.jenta.cz\/wp-content\/uploads\/img_a339262_w1710_t1552473851.jpg","height":0,"width":0},"wordCount":510,"keywords":null},{"@type":"Article","@id":"https:\/\/www.jenta.cz\/kam-umistit-kompaktni-zarivky-osram-dulux\/","headline":"Kam um\u00edstit kompaktn\u00ed z\u00e1\u0159ivky Osram Dulux","url":"https:\/\/www.jenta.cz\/kam-umistit-kompaktni-zarivky-osram-dulux\/","datePublished":"2019-02-07","dateModified":"2023-12-04","mainEntityOfPage":"https:\/\/www.jenta.cz\/kam-umistit-kompaktni-zarivky-osram-dulux\/","author":{"@type":"Person","@id":"https:\/\/www.jenta.cz\/author\/#Person","name":"","url":"https:\/\/www.jenta.cz\/author\/","identifier":1,"image":{"@type":"ImageObject","@id":"https:\/\/secure.gravatar.com\/avatar\/0dc285cbe86eecc8073f119fcb2e2c7032b51533f5bb47611c7d4a598558b8b7?s=96&d=mm&r=g","url":"https:\/\/secure.gravatar.com\/avatar\/0dc285cbe86eecc8073f119fcb2e2c7032b51533f5bb47611c7d4a598558b8b7?s=96&d=mm&r=g","height":96,"width":96}},"publisher":{"@type":"Organization","name":"jenta.cz","logo":{"@type":"ImageObject","@id":"\/logo.png","url":"\/logo.png","width":600,"height":60}},"image":{"@type":"ImageObject","@id":"https:\/\/www.jenta.cz\/wp-content\/uploads\/img_a341526_w1743_t1554199014.jpg","url":"https:\/\/www.jenta.cz\/wp-content\/uploads\/img_a341526_w1743_t1554199014.jpg","height":0,"width":0},"wordCount":586,"keywords":null},{"@type":"Article","@id":"https:\/\/www.jenta.cz\/sourozenecka-rivalita\/","headline":"Sourozeneck\u00e1 rivalita","url":"https:\/\/www.jenta.cz\/sourozenecka-rivalita\/","datePublished":"2019-01-26","dateModified":"2023-06-02","mainEntityOfPage":"https:\/\/www.jenta.cz\/sourozenecka-rivalita\/","author":{"@type":"Person","@id":"https:\/\/www.jenta.cz\/author\/#Person","name":"","url":"https:\/\/www.jenta.cz\/author\/","identifier":1,"image":{"@type":"ImageObject","@id":"https:\/\/secure.gravatar.com\/avatar\/0dc285cbe86eecc8073f119fcb2e2c7032b51533f5bb47611c7d4a598558b8b7?s=96&d=mm&r=g","url":"https:\/\/secure.gravatar.com\/avatar\/0dc285cbe86eecc8073f119fcb2e2c7032b51533f5bb47611c7d4a598558b8b7?s=96&d=mm&r=g","height":96,"width":96}},"publisher":{"@type":"Organization","name":"jenta.cz","logo":{"@type":"ImageObject","@id":"\/logo.png","url":"\/logo.png","width":600,"height":60}},"image":{"@type":"ImageObject","@id":"https:\/\/www.jenta.cz\/wp-content\/uploads\/img_a340700_w2282_t1553601206.jpg","url":"https:\/\/www.jenta.cz\/wp-content\/uploads\/img_a340700_w2282_t1553601206.jpg","height":0,"width":0},"wordCount":627,"keywords":null},{"@type":"Article","@id":"https:\/\/www.jenta.cz\/vsadte-na-rozvoz-kvetin-kamkoli-a-kdykoli-budete-chtit\/","headline":"Vsa\u010fte na rozvoz kv\u011btin, kamkoli a kdykoli budete cht\u00edt","url":"https:\/\/www.jenta.cz\/vsadte-na-rozvoz-kvetin-kamkoli-a-kdykoli-budete-chtit\/","datePublished":"2018-12-07","dateModified":"2023-06-02","mainEntityOfPage":"https:\/\/www.jenta.cz\/vsadte-na-rozvoz-kvetin-kamkoli-a-kdykoli-budete-chtit\/","author":{"@type":"Person","@id":"https:\/\/www.jenta.cz\/author\/#Person","name":"","url":"https:\/\/www.jenta.cz\/author\/","identifier":1,"image":{"@type":"ImageObject","@id":"https:\/\/secure.gravatar.com\/avatar\/0dc285cbe86eecc8073f119fcb2e2c7032b51533f5bb47611c7d4a598558b8b7?s=96&d=mm&r=g","url":"https:\/\/secure.gravatar.com\/avatar\/0dc285cbe86eecc8073f119fcb2e2c7032b51533f5bb47611c7d4a598558b8b7?s=96&d=mm&r=g","height":96,"width":96}},"publisher":{"@type":"Organization","name":"jenta.cz","logo":{"@type":"ImageObject","@id":"\/logo.png","url":"\/logo.png","width":600,"height":60}},"image":{"@type":"ImageObject","@id":"https:\/\/www.jenta.cz\/wp-content\/uploads\/img_a332723_w2346_t1545733092.jpg","url":"https:\/\/www.jenta.cz\/wp-content\/uploads\/img_a332723_w2346_t1545733092.jpg","height":0,"width":0},"wordCount":474,"keywords":null},{"@type":"Article","@id":"https:\/\/www.jenta.cz\/svetelny-komfort-prinasi-led-zarovky\/","headline":"Sv\u011bteln\u00fd komfort p\u0159in\u00e1\u0161\u00ed LED \u017e\u00e1rovky","url":"https:\/\/www.jenta.cz\/svetelny-komfort-prinasi-led-zarovky\/","datePublished":"2018-10-19","dateModified":"2023-06-02","mainEntityOfPage":"https:\/\/www.jenta.cz\/svetelny-komfort-prinasi-led-zarovky\/","author":{"@type":"Person","@id":"https:\/\/www.jenta.cz\/author\/#Person","name":"","url":"https:\/\/www.jenta.cz\/author\/","identifier":1,"image":{"@type":"ImageObject","@id":"https:\/\/secure.gravatar.com\/avatar\/0dc285cbe86eecc8073f119fcb2e2c7032b51533f5bb47611c7d4a598558b8b7?s=96&d=mm&r=g","url":"https:\/\/secure.gravatar.com\/avatar\/0dc285cbe86eecc8073f119fcb2e2c7032b51533f5bb47611c7d4a598558b8b7?s=96&d=mm&r=g","height":96,"width":96}},"publisher":{"@type":"Organization","name":"jenta.cz","logo":{"@type":"ImageObject","@id":"\/logo.png","url":"\/logo.png","width":600,"height":60}},"image":{"@type":"ImageObject","@id":"https:\/\/www.jenta.cz\/wp-content\/uploads\/img_a328819_w1716_t1540968424.jpg","url":"https:\/\/www.jenta.cz\/wp-content\/uploads\/img_a328819_w1716_t1540968424.jpg","height":0,"width":0},"wordCount":523,"keywords":null},{"@type":"Article","@id":"https:\/\/www.jenta.cz\/vlastni-dum-v-kratkem-case\/","headline":"Vlastn\u00ed d\u016fm v kr\u00e1tk\u00e9m \u010dase","url":"https:\/\/www.jenta.cz\/vlastni-dum-v-kratkem-case\/","datePublished":"2018-09-07","dateModified":"2018-09-07","mainEntityOfPage":"https:\/\/www.jenta.cz\/vlastni-dum-v-kratkem-case\/","author":{"@type":"Person","@id":"https:\/\/www.jenta.cz\/author\/#Person","name":"","url":"https:\/\/www.jenta.cz\/author\/","identifier":1,"image":{"@type":"ImageObject","@id":"https:\/\/secure.gravatar.com\/avatar\/0dc285cbe86eecc8073f119fcb2e2c7032b51533f5bb47611c7d4a598558b8b7?s=96&d=mm&r=g","url":"https:\/\/secure.gravatar.com\/avatar\/0dc285cbe86eecc8073f119fcb2e2c7032b51533f5bb47611c7d4a598558b8b7?s=96&d=mm&r=g","height":96,"width":96}},"publisher":{"@type":"Organization","name":"jenta.cz","logo":{"@type":"ImageObject","@id":"\/logo.png","url":"\/logo.png","width":600,"height":60}},"image":{"@type":"ImageObject","@id":"https:\/\/www.jenta.cz\/wp-content\/uploads\/img_a325416_w2336_t1537343571.jpg","url":"https:\/\/www.jenta.cz\/wp-content\/uploads\/img_a325416_w2336_t1537343571.jpg","height":0,"width":0},"wordCount":590,"keywords":null}]},{"@context":"https:\/\/schema.org","@type":"WebSite","@id":"https:\/\/www.jenta.cz\/#website","name":"Jenta","url":"https:\/\/www.jenta.cz","potentialAction":{"@type":"SearchAction","target":"https:\/\/www.jenta.cz\/?s={search_term_string}","query-input":"required name=search_term_string"}}]