{"@context":"https:\/\/schema.org\/","@type":"CollectionPage","@id":"https:\/\/www.jenta.cz\/nezarazene\/#CollectionPage","headline":"Neza\u0159azen\u00e9 Category","description":"","url":"https:\/\/www.jenta.cz\/nezarazene\/","hasPart":[{"@type":"Article","@id":"https:\/\/www.jenta.cz\/bydleni-v-ceske-republice\/","headline":"Bydlen\u00ed v \u010cesk\u00e9 republice","url":"https:\/\/www.jenta.cz\/bydleni-v-ceske-republice\/","datePublished":"2024-10-12","dateModified":"2024-10-12","mainEntityOfPage":"https:\/\/www.jenta.cz\/bydleni-v-ceske-republice\/","author":{"@type":"Person","@id":"https:\/\/www.jenta.cz\/author\/#Person","name":"","url":"https:\/\/www.jenta.cz\/author\/","identifier":1,"image":{"@type":"ImageObject","@id":"https:\/\/secure.gravatar.com\/avatar\/0dc285cbe86eecc8073f119fcb2e2c7032b51533f5bb47611c7d4a598558b8b7?s=96&d=mm&r=g","url":"https:\/\/secure.gravatar.com\/avatar\/0dc285cbe86eecc8073f119fcb2e2c7032b51533f5bb47611c7d4a598558b8b7?s=96&d=mm&r=g","height":96,"width":96}},"publisher":{"@type":"Organization","name":"jenta.cz","logo":{"@type":"ImageObject","@id":"\/logo.png","url":"\/logo.png","width":600,"height":60}},"image":{"@type":"ImageObject","@id":"https:\/\/www.jenta.cz\/wp-content\/uploads\/architect-9014868_640_1.png","url":"https:\/\/www.jenta.cz\/wp-content\/uploads\/architect-9014868_640_1.png","height":0,"width":0},"keywords":null}]}