[{"@context":"https:\/\/schema.org\/","@type":"Article","@id":"https:\/\/www.jenta.cz\/mene-starosti-kvuli-elektrine\/#Article","mainEntityOfPage":"https:\/\/www.jenta.cz\/mene-starosti-kvuli-elektrine\/","headline":"M\u00e9n\u011b starost\u00ed kv\u016fli elekt\u0159in\u011b","name":"M\u00e9n\u011b starost\u00ed kv\u016fli elekt\u0159in\u011b","description":"B\u011bhem l\u00e9ta b\u00fdvaj\u00ed siln\u00e9 bou\u0159ky, kter\u00e9 st\u00e1le \u010dast\u011bji maj\u00ed za n\u00e1sledek v\u00fdpadky proudu. V\u011bt\u0161inou jde o stav, kter\u00fd trv\u00e1 jen p\u00e1r hodin, ale pokud dojde o po\u0161kozen\u00ed veden\u00ed, m\u016f\u017ee k n\u00e1prav\u011b doj\u00edt a\u017e za n\u011bkolik dn\u00ed. Za tu dobu nejen \u017ee budete od\u0159\u00edznut\u00ed od sv\u011bta, ale p\u0159edev\u0161\u00edm si nebudete moct uva\u0159it, vyprat, a v\u011bt\u0161inou ani...","datePublished":"2024-08-06","dateModified":"2024-08-06","author":{"@type":"Person","@id":"https:\/\/www.jenta.cz\/author\/#Person","name":"","url":"https:\/\/www.jenta.cz\/author\/","identifier":1,"image":{"@type":"ImageObject","@id":"https:\/\/secure.gravatar.com\/avatar\/0dc285cbe86eecc8073f119fcb2e2c7032b51533f5bb47611c7d4a598558b8b7?s=96&d=mm&r=g","url":"https:\/\/secure.gravatar.com\/avatar\/0dc285cbe86eecc8073f119fcb2e2c7032b51533f5bb47611c7d4a598558b8b7?s=96&d=mm&r=g","height":96,"width":96}},"publisher":{"@type":"Organization","name":"jenta.cz","logo":{"@type":"ImageObject","@id":"\/logo.png","url":"\/logo.png","width":600,"height":60}},"image":{"@type":"ImageObject","@id":"https:\/\/www.jenta.cz\/wp-content\/uploads\/solar-panels-944000_640_10_10.jpg","url":"https:\/\/www.jenta.cz\/wp-content\/uploads\/solar-panels-944000_640_10_10.jpg","height":0,"width":0},"url":"https:\/\/www.jenta.cz\/mene-starosti-kvuli-elektrine\/","about":["Podnik\u00e1n\u00ed"],"wordCount":434,"articleBody":"    B\u011bhem l\u00e9ta b\u00fdvaj\u00ed siln\u00e9 bou\u0159ky, kter\u00e9 st\u00e1le \u010dast\u011bji maj\u00ed za n\u00e1sledek v\u00fdpadky proudu. V\u011bt\u0161inou jde o stav, kter\u00fd trv\u00e1 jen p\u00e1r hodin, ale pokud dojde o po\u0161kozen\u00ed veden\u00ed, m\u016f\u017ee k n\u00e1prav\u011b doj\u00edt a\u017e za n\u011bkolik dn\u00ed. Za tu dobu nejen \u017ee budete od\u0159\u00edznut\u00ed od sv\u011bta, ale p\u0159edev\u0161\u00edm si nebudete moct uva\u0159it, vyprat, a v\u011bt\u0161inou ani se osprchovat a doj\u00edt na toaletu. A pokud m\u00e1te mraz\u00e1k pln\u00fd j\u00eddla do z\u00e1soby, m\u016f\u017eete se s nimi rozlou\u010dit. M\u00e1te elektroauto? Nenabijete si ho. Bez elekt\u0159iny v\u00e1m nebude fungovat ani zabezpe\u010den\u00ed domu, tak\u017ee v\u00fdpadek proudu zp\u016fsob\u00ed spoustu probl\u00e9m\u016f.  Fotovoltaick\u00e1 elektr\u00e1rna pro rodinn\u00fd d\u016fm https:\/\/www.joyce-energie.cz\/fotovoltaika-rodinny-dum\/ v\u00e1m zajist\u00ed sob\u011bsta\u010dnost co se elekt\u0159iny t\u00fd\u010de. Sol\u00e1rn\u00ed panely jsou v podstat\u011b jedinou mo\u017enost\u00ed, jak si vyrobit v\u011bt\u0161\u00ed mno\u017estv\u00ed elekt\u0159iny, kter\u00e9 v\u00e1m umo\u017en\u00ed \u017e\u00edt b\u011b\u017en\u00fd \u017eivot, i kdy\u017e zbytek vesnice bude bez proudu. Je to \u0159e\u0161en\u00ed, kter\u00e9 v\u00e1m zajist\u00ed elekt\u0159inu za ka\u017ed\u00e9 situace. Pokud se rozm\u00fd\u0161l\u00edte, zda si nekoupit panely, m\u016f\u017ee v\u00e1m v rozhodov\u00e1n\u00ed pomoct fakt, \u017ee st\u00e1le prob\u00edh\u00e1 dota\u010dn\u00ed program, kter\u00fd v\u00e1m m\u016f\u017ee sn\u00ed\u017eit n\u00e1klady na po\u0159\u00edzen\u00ed panel\u016f.  P\u0159iprav\u00edme v\u00e1m \u0159e\u0161en\u00ed na m\u00edru Sol\u00e1rn\u00ed panely jsou vhodn\u00e9 na jak\u00fdkoliv rodinn\u00fd d\u016fm nebo i jin\u00e9 stavby. Pokud to umo\u017e\u0148uje konstruk\u010dn\u00ed \u0159e\u0161en\u00ed st\u0159echy, je mo\u017en\u00e9 panely um\u00edstit p\u0159\u00edmo na ni, a pokud ne, v\u017edycky se najde \u0159e\u0161en\u00ed, kter\u00e9 bude ide\u00e1ln\u00ed pro konkr\u00e9tn\u00ed p\u0159\u00edpad. Panely se daj\u00ed namontovat nejen na st\u0159echu domu, ale i na st\u0159echu gar\u00e1\u017ee \u010di je mo\u017en\u00e9 nechat je na zemi. R\u00e1di pro v\u00e1s p\u0159iprav\u00edme \u0159e\u0161en\u00ed, d\u00edky kter\u00e9mu si vyrob\u00edte elekt\u0159inu, kter\u00e1 pokryje va\u0161i spot\u0159ebu. Jist\u011b p\u0159i proch\u00e1zk\u00e1ch m\u011bstem nebo vesnicemi vid\u00edte, \u017ee sol\u00e1rn\u00ed panely jsou dnes opravdu roz\u0161\u00ed\u0159en\u00e9. V\u011bt\u0161ina lid\u00ed toti\u017e chce m\u00edt svoji vlastn\u00ed elekt\u0159inu, kterou si vyrob\u00ed, a d\u00edky kter\u00e9 nejen \u017ee nebudou z\u00e1visl\u00ed na dod\u00e1vk\u00e1ch od dodavatele, ale tak\u00e9 nebudou muset platit st\u00e1le vy\u0161\u0161\u00ed ceny. Kdy\u017e budete spot\u0159ebov\u00e1vat elekt\u0159inu kterou si vyrob\u00edte, spot\u0159ebujete m\u00e9n\u011b t\u00e9 od dodavatele.                                                                                                                                                                                                                                                                                                                                                                                          4.8\/5 - (6 votes)        "},{"@context":"https:\/\/schema.org\/","@type":"BreadcrumbList","itemListElement":[{"@type":"ListItem","position":1,"name":"M\u00e9n\u011b starost\u00ed kv\u016fli elekt\u0159in\u011b","item":"https:\/\/www.jenta.cz\/mene-starosti-kvuli-elektrine\/#breadcrumbitem"}]}]