[{"@context":"https:\/\/schema.org\/","@type":"Article","@id":"https:\/\/www.jenta.cz\/dejte-si-nohy-na-stul-pri-stehovani-v-praze\/#Article","mainEntityOfPage":"https:\/\/www.jenta.cz\/dejte-si-nohy-na-stul-pri-stehovani-v-praze\/","headline":"Dejte si nohy na st\u016fl p\u0159i st\u011bhov\u00e1n\u00ed v Praze","name":"Dejte si nohy na st\u016fl p\u0159i st\u011bhov\u00e1n\u00ed v Praze","description":"St\u011bhov\u00e1n\u00ed v Praze 9 (a nejen tam) m\u016f\u017ee prob\u011bhnout tak, \u017ee skon\u010d\u00edte s obkladem na \u010dele v psychiatrick\u00e9 ordinaci, anebo to m\u016f\u017ee b\u00fdt t\u00fdden, kter\u00fd se v\u00e1m vryje do pam\u011bti jako jeden z t\u011bch b\u00e1je\u010dn\u00fdch v \u017eivot\u011b, na kter\u00e9 se nezapom\u00edn\u00e1. P\u0159eh\u00e1n\u00edme? V\u016fbec ne. Za\u010dn\u011bte s rozvahou a finan\u010dn\u00edm propo\u010dtem \u2013 Kdo se st\u011bhuje na...","datePublished":"2022-03-12","dateModified":"2023-06-02","author":{"@type":"Person","@id":"https:\/\/www.jenta.cz\/author\/#Person","name":"","url":"https:\/\/www.jenta.cz\/author\/","identifier":1,"image":{"@type":"ImageObject","@id":"https:\/\/secure.gravatar.com\/avatar\/0dc285cbe86eecc8073f119fcb2e2c7032b51533f5bb47611c7d4a598558b8b7?s=96&d=mm&r=g","url":"https:\/\/secure.gravatar.com\/avatar\/0dc285cbe86eecc8073f119fcb2e2c7032b51533f5bb47611c7d4a598558b8b7?s=96&d=mm&r=g","height":96,"width":96}},"publisher":{"@type":"Organization","name":"jenta.cz","logo":{"@type":"ImageObject","@id":"\/logo.png","url":"\/logo.png","width":600,"height":60}},"image":{"@type":"ImageObject","@id":"https:\/\/www.jenta.cz\/wp-content\/uploads\/businessman-2108029_640_3.jpg","url":"https:\/\/www.jenta.cz\/wp-content\/uploads\/businessman-2108029_640_3.jpg","height":0,"width":0},"url":"https:\/\/www.jenta.cz\/dejte-si-nohy-na-stul-pri-stehovani-v-praze\/","about":["Podnik\u00e1n\u00ed"],"wordCount":429,"articleBody":"   St\u011bhov\u00e1n\u00ed v Praze 9 (a nejen tam) m\u016f\u017ee prob\u011bhnout tak, \u017ee skon\u010d\u00edte s obkladem na \u010dele v psychiatrick\u00e9 ordinaci, anebo to m\u016f\u017ee b\u00fdt t\u00fdden, kter\u00fd se v\u00e1m vryje do pam\u011bti jako jeden z t\u011bch b\u00e1je\u010dn\u00fdch v \u017eivot\u011b, na kter\u00e9 se nezapom\u00edn\u00e1. P\u0159eh\u00e1n\u00edme? V\u016fbec ne.Za\u010dn\u011bte s rozvahou a finan\u010dn\u00edm propo\u010dtem \u2013 Kdo se st\u011bhuje na posledn\u00ed chv\u00edli, nem\u016f\u017ee o\u010dek\u00e1vat valn\u00fd \u00fasp\u011bch. Rezervujte si v\u00edce \u010dasu, za\u010dn\u011bte s p\u0159\u00edpravami \u0161est t\u00fddn\u016f p\u0159ed term\u00ednem a prvn\u00ed, co byste m\u011bli ud\u011blat, je sednout si ke stolu s tu\u017ekou a pap\u00edrem a rozepsat bod po bodu v\u010detn\u011b finan\u010dn\u00ed n\u00e1ro\u010dnosti a p\u0159\u00edpadn\u00e9 kompenzace. V t\u00e9to dob\u011b byste m\u011bli u\u017e zji\u0161t\u011bn\u00fd kontakt na st\u011bhovac\u00ed firmu a m\u00edt k dispozici aktu\u00e1ln\u00ed cen\u00edk, abyste mohli po\u010d\u00edtat, zda se vyplat\u00ed p\u0159est\u011bhovat se sami, anebo pov\u011b\u0159it profesion\u00e1ly.St\u011bhov\u00e1ci, to nen\u00ed jen parta p\u0159ena\u0161e\u010d\u016f n\u00e1bytku \u2013 n\u011bkte\u0159\u00ed lid\u00e9 mohou st\u00e1le nab\u00fdvat dojmu, \u017ee st\u011bhov\u00e1ci doraz\u00ed v okam\u017eiku, kdy m\u00e1te v\u0161e nachystan\u00e9, a pouze popadnou p\u0159edm\u011bty nakupen\u00e9 na jedn\u00e9 hromad\u011b, p\u0159enesou je do n\u00e1kladov\u00e9ho prostoru vozidla, p\u0159evezou na m\u00edsto ur\u010den\u00ed a zas je tam vylo\u017e\u00ed na jednu hromadu a t\u00edm cel\u00e1 akce kon\u010d\u00ed. Ano, takto to b\u00fdvalo zvykem kdysi d\u00e1vno, ale situace se zm\u011bnila. Dnes v\u00e1m st\u011bhovac\u00ed firma m\u016f\u017ee rozebrat n\u00e1bytek a zas jej po p\u0159est\u011bhov\u00e1n\u00ed smontovat, m\u016f\u017ee instalovat sv\u00edtidla a garn\u00fd\u017ee, co\u017e je v panelov\u00e9m byt\u011b docela \u201ez\u00e1hul\u201c, m\u016f\u017ee v\u00e1m kompletn\u011b p\u0159est\u011bhovat i kuchy\u0148 s linkou a namontovat ji do nov\u00e9 kuchyn\u011b.Po\u010d\u00edtejte s rozvahou \u2013 a\u017e budete s\u010d\u00edtat investice do st\u011bhov\u00e1n\u00ed v Praze 9, zkuste zohlednit v\u00fd\u0161e uveden\u00e1 fakta a porovnat je s p\u0159est\u011bhov\u00e1n\u00edm vlastn\u00edmi silami, zda se v\u00e1m vyplat\u00ed hodinov\u00fd man\u017eel na tyto pr\u00e1ce, anebo to zvl\u00e1dnete sami, ale budete ve zna\u010dn\u00e9m z\u00e1p\u0159ahu, nebo\u0165 v\u00e1s je\u0161t\u011b \u010dek\u00e1 \u0159ada administrativn\u00edch \u00fakon\u016f, jako je p\u0159epis energi\u00ed, nov\u00e9 doklady, zam\u011bstnavatel, \u0161kola, doklady k vozidlu, vybalov\u00e1n\u00ed v\u011bc\u00ed z krabic, \u00faklid, p\u0159\u00edpadn\u011b malov\u00e1n\u00ed \u010di pokl\u00e1dka nov\u00e9 podlahov\u00e9 krytiny.                                                                                                                                                                                                                                                                                                                                                                                          4.6\/5 - (5 votes)        "},{"@context":"https:\/\/schema.org\/","@type":"BreadcrumbList","itemListElement":[{"@type":"ListItem","position":1,"name":"Dejte si nohy na st\u016fl p\u0159i st\u011bhov\u00e1n\u00ed v Praze","item":"https:\/\/www.jenta.cz\/dejte-si-nohy-na-stul-pri-stehovani-v-praze\/#breadcrumbitem"}]}]